{"id":104,"date":"2011-10-04T15:54:34","date_gmt":"2011-10-04T19:54:34","guid":{"rendered":"http:\/\/elcarmelo.gob.ec\/carchi\/?p=104"},"modified":"2020-06-26T15:01:37","modified_gmt":"2020-06-26T19:01:37","slug":"datos-generales","status":"publish","type":"post","link":"https:\/\/elcarmelo.gob.ec\/carchi\/datos-generales\/","title":{"rendered":"Datos Generales"},"content":{"rendered":"<p><strong>FESTIVIDADES<\/strong><\/p>\n<ul>\n<li>11 de enero fiestas de Parroquializacion<\/li>\n<li>Carnavales<\/li>\n<li>Fiestas del Divino Ni\u00f1o<\/li>\n<li>Julio Fiesta de la Virgen del Carmen<\/li>\n<\/ul>\n<p><strong>DIVISI\u00d3N TERRITORIAL<\/strong><\/p>\n<p>La parroquia el Carmelo se encuentra en una zona rural y pertenece al Cant\u00f3n Tulc\u00e1n provincia del Carchi.<\/p>\n<p>Sus l\u00edmites son<\/p>\n<ul>\n<li>Al Norte limita con la rep\u00fablica de Colombia desde el cerro Troya hasta la desembocadura del r\u00edo P\u00fan con el r\u00edo Chingual.<\/li>\n<li>Al Sur limita con la provincia de Sucumb\u00edos desde el punto denominado el saldo hasta la desembocadura del r\u00edo P\u00fan con el r\u00edo Chingual.<\/li>\n<li>Al Oriente la uni\u00f3n de los dos r\u00edos Chingual y Pun<\/li>\n<li>Al Occidente limita desde el cerro Troya hasta la quebrada denominada Moras<\/li>\n<\/ul>\n<p><strong>SITUACI\u00d3N GEOGR\u00c1FICA<\/strong><\/p>\n<p>La parroquia se encuentra al Nor- Oriente del Cant\u00f3n Tulc\u00e1n &#8211; Provincia del Carchi.<\/p>\n<p>Superficie de 51.2km2 con un rango de latitud 2440 a 3640 m.s.n.m su cabecera se encuentra entre 2600 2800 m.s.n.m<\/p>\n<p><strong>Clima:<\/strong> Helido H\u00famedo, p\u00e1ramo montano con una temperatura de 10\u00b0c<\/p>\n<p><strong>Poblaci\u00f3n:<\/strong> 2979 habitantes.<\/p>\n<p><strong>Econom\u00eda: <\/strong>La mayor parte de la poblacion se dedica a la agricultura y ganaderia<\/p>\n","protected":false},"excerpt":{"rendered":"<p>FESTIVIDADES 11 de enero fiestas de Parroquializacion Carnavales Fiestas del Divino Ni\u00f1o Julio Fiesta de la Virgen del Carmen DIVISI\u00d3N TERRITORIAL La parroquia el Carmelo se encuentra en una zona rural y pertenece al Cant\u00f3n Tulc\u00e1n provincia del Carchi. Sus l\u00edmites son Al Norte limita con la rep\u00fablica de Colombia desde el cerro Troya hasta [&hellip;]<\/p>\n","protected":false},"author":4,"featured_media":0,"comment_status":"closed","ping_status":"closed","sticky":false,"template":"","format":"standard","meta":{"footnotes":""},"categories":[1],"tags":[],"class_list":["post-104","post","type-post","status-publish","format-standard","hentry","category-sin-categoria"],"yoast_head":"<!-- This site is optimized with the Yoast SEO plugin v24.1 - https:\/\/yoast.com\/wordpress\/plugins\/seo\/ -->\n<title>Datos Generales - GAD Parroquial de El Carmelo<\/title>\n<meta name=\"robots\" content=\"index, follow, max-snippet:-1, max-image-preview:large, max-video-preview:-1\" \/>\n<link rel=\"canonical\" href=\"https:\/\/elcarmelo.gob.ec\/carchi\/datos-generales\/\" \/>\n<meta property=\"og:locale\" content=\"es_ES\" \/>\n<meta property=\"og:type\" content=\"article\" \/>\n<meta property=\"og:title\" content=\"Datos Generales - GAD Parroquial de El Carmelo\" \/>\n<meta property=\"og:description\" content=\"FESTIVIDADES 11 de enero fiestas de Parroquializacion Carnavales Fiestas del Divino Ni\u00f1o Julio Fiesta de la Virgen del Carmen DIVISI\u00d3N TERRITORIAL La parroquia el Carmelo se encuentra en una zona rural y pertenece al Cant\u00f3n Tulc\u00e1n provincia del Carchi. Sus l\u00edmites son Al Norte limita con la rep\u00fablica de Colombia desde el cerro Troya hasta [&hellip;]\" \/>\n<meta property=\"og:url\" content=\"https:\/\/elcarmelo.gob.ec\/carchi\/datos-generales\/\" \/>\n<meta property=\"og:site_name\" content=\"GAD Parroquial de El Carmelo\" \/>\n<meta property=\"article:published_time\" content=\"2011-10-04T19:54:34+00:00\" \/>\n<meta property=\"article:modified_time\" content=\"2020-06-26T19:01:37+00:00\" \/>\n<meta name=\"author\" content=\"aelcarmelo\" \/>\n<meta name=\"twitter:card\" content=\"summary_large_image\" \/>\n<meta name=\"twitter:label1\" content=\"Escrito por\" \/>\n\t<meta name=\"twitter:data1\" content=\"aelcarmelo\" \/>\n\t<meta name=\"twitter:label2\" content=\"Tiempo de lectura\" \/>\n\t<meta name=\"twitter:data2\" content=\"1 minuto\" \/>\n<script type=\"application\/ld+json\" class=\"yoast-schema-graph\">{\"@context\":\"https:\/\/schema.org\",\"@graph\":[{\"@type\":\"Article\",\"@id\":\"https:\/\/elcarmelo.gob.ec\/carchi\/datos-generales\/#article\",\"isPartOf\":{\"@id\":\"https:\/\/elcarmelo.gob.ec\/carchi\/datos-generales\/\"},\"author\":{\"name\":\"aelcarmelo\",\"@id\":\"https:\/\/elcarmelo.gob.ec\/carchi\/#\/schema\/person\/199546f2b0966330a5c8d044c25b5664\"},\"headline\":\"Datos Generales\",\"datePublished\":\"2011-10-04T19:54:34+00:00\",\"dateModified\":\"2020-06-26T19:01:37+00:00\",\"mainEntityOfPage\":{\"@id\":\"https:\/\/elcarmelo.gob.ec\/carchi\/datos-generales\/\"},\"wordCount\":199,\"publisher\":{\"@id\":\"https:\/\/elcarmelo.gob.ec\/carchi\/#organization\"},\"inLanguage\":\"es\"},{\"@type\":\"WebPage\",\"@id\":\"https:\/\/elcarmelo.gob.ec\/carchi\/datos-generales\/\",\"url\":\"https:\/\/elcarmelo.gob.ec\/carchi\/datos-generales\/\",\"name\":\"Datos Generales - GAD Parroquial de El Carmelo\",\"isPartOf\":{\"@id\":\"https:\/\/elcarmelo.gob.ec\/carchi\/#website\"},\"datePublished\":\"2011-10-04T19:54:34+00:00\",\"dateModified\":\"2020-06-26T19:01:37+00:00\",\"breadcrumb\":{\"@id\":\"https:\/\/elcarmelo.gob.ec\/carchi\/datos-generales\/#breadcrumb\"},\"inLanguage\":\"es\",\"potentialAction\":[{\"@type\":\"ReadAction\",\"target\":[\"https:\/\/elcarmelo.gob.ec\/carchi\/datos-generales\/\"]}]},{\"@type\":\"BreadcrumbList\",\"@id\":\"https:\/\/elcarmelo.gob.ec\/carchi\/datos-generales\/#breadcrumb\",\"itemListElement\":[{\"@type\":\"ListItem\",\"position\":1,\"name\":\"Home\",\"item\":\"https:\/\/elcarmelo.gob.ec\/carchi\/\"},{\"@type\":\"ListItem\",\"position\":2,\"name\":\"Datos Generales\"}]},{\"@type\":\"WebSite\",\"@id\":\"https:\/\/elcarmelo.gob.ec\/carchi\/#website\",\"url\":\"https:\/\/elcarmelo.gob.ec\/carchi\/\",\"name\":\"GAD parroquial de El Carmelo\",\"description\":\"Sitio Oficial del GAD Parroquial El Carmelo Carchi\",\"publisher\":{\"@id\":\"https:\/\/elcarmelo.gob.ec\/carchi\/#organization\"},\"potentialAction\":[{\"@type\":\"SearchAction\",\"target\":{\"@type\":\"EntryPoint\",\"urlTemplate\":\"https:\/\/elcarmelo.gob.ec\/carchi\/?s={search_term_string}\"},\"query-input\":{\"@type\":\"PropertyValueSpecification\",\"valueRequired\":true,\"valueName\":\"search_term_string\"}}],\"inLanguage\":\"es\"},{\"@type\":\"Organization\",\"@id\":\"https:\/\/elcarmelo.gob.ec\/carchi\/#organization\",\"name\":\"GAD parroquial de El Carmelo\",\"url\":\"https:\/\/elcarmelo.gob.ec\/carchi\/\",\"logo\":{\"@type\":\"ImageObject\",\"inLanguage\":\"es\",\"@id\":\"https:\/\/elcarmelo.gob.ec\/carchi\/#\/schema\/logo\/image\/\",\"url\":\"https:\/\/elcarmelo.gob.ec\/carchi\/wp-content\/uploads\/2020\/06\/logoFooter-Recuperado.png\",\"contentUrl\":\"https:\/\/elcarmelo.gob.ec\/carchi\/wp-content\/uploads\/2020\/06\/logoFooter-Recuperado.png\",\"width\":200,\"height\":150,\"caption\":\"GAD parroquial de El Carmelo\"},\"image\":{\"@id\":\"https:\/\/elcarmelo.gob.ec\/carchi\/#\/schema\/logo\/image\/\"}},{\"@type\":\"Person\",\"@id\":\"https:\/\/elcarmelo.gob.ec\/carchi\/#\/schema\/person\/199546f2b0966330a5c8d044c25b5664\",\"name\":\"aelcarmelo\",\"image\":{\"@type\":\"ImageObject\",\"inLanguage\":\"es\",\"@id\":\"https:\/\/elcarmelo.gob.ec\/carchi\/#\/schema\/person\/image\/\",\"url\":\"https:\/\/secure.gravatar.com\/avatar\/4849cead80a540a505e4f16b1e4cbabb?s=96&d=mm&r=g\",\"contentUrl\":\"https:\/\/secure.gravatar.com\/avatar\/4849cead80a540a505e4f16b1e4cbabb?s=96&d=mm&r=g\",\"caption\":\"aelcarmelo\"},\"url\":\"https:\/\/elcarmelo.gob.ec\/carchi\/author\/aelcarmelo\/\"}]}<\/script>\n<!-- \/ Yoast SEO plugin. -->","yoast_head_json":{"title":"Datos Generales - GAD Parroquial de El Carmelo","robots":{"index":"index","follow":"follow","max-snippet":"max-snippet:-1","max-image-preview":"max-image-preview:large","max-video-preview":"max-video-preview:-1"},"canonical":"https:\/\/elcarmelo.gob.ec\/carchi\/datos-generales\/","og_locale":"es_ES","og_type":"article","og_title":"Datos Generales - GAD Parroquial de El Carmelo","og_description":"FESTIVIDADES 11 de enero fiestas de Parroquializacion Carnavales Fiestas del Divino Ni\u00f1o Julio Fiesta de la Virgen del Carmen DIVISI\u00d3N TERRITORIAL La parroquia el Carmelo se encuentra en una zona rural y pertenece al Cant\u00f3n Tulc\u00e1n provincia del Carchi. Sus l\u00edmites son Al Norte limita con la rep\u00fablica de Colombia desde el cerro Troya hasta [&hellip;]","og_url":"https:\/\/elcarmelo.gob.ec\/carchi\/datos-generales\/","og_site_name":"GAD Parroquial de El Carmelo","article_published_time":"2011-10-04T19:54:34+00:00","article_modified_time":"2020-06-26T19:01:37+00:00","author":"aelcarmelo","twitter_card":"summary_large_image","twitter_misc":{"Escrito por":"aelcarmelo","Tiempo de lectura":"1 minuto"},"schema":{"@context":"https:\/\/schema.org","@graph":[{"@type":"Article","@id":"https:\/\/elcarmelo.gob.ec\/carchi\/datos-generales\/#article","isPartOf":{"@id":"https:\/\/elcarmelo.gob.ec\/carchi\/datos-generales\/"},"author":{"name":"aelcarmelo","@id":"https:\/\/elcarmelo.gob.ec\/carchi\/#\/schema\/person\/199546f2b0966330a5c8d044c25b5664"},"headline":"Datos Generales","datePublished":"2011-10-04T19:54:34+00:00","dateModified":"2020-06-26T19:01:37+00:00","mainEntityOfPage":{"@id":"https:\/\/elcarmelo.gob.ec\/carchi\/datos-generales\/"},"wordCount":199,"publisher":{"@id":"https:\/\/elcarmelo.gob.ec\/carchi\/#organization"},"inLanguage":"es"},{"@type":"WebPage","@id":"https:\/\/elcarmelo.gob.ec\/carchi\/datos-generales\/","url":"https:\/\/elcarmelo.gob.ec\/carchi\/datos-generales\/","name":"Datos Generales - GAD Parroquial de El Carmelo","isPartOf":{"@id":"https:\/\/elcarmelo.gob.ec\/carchi\/#website"},"datePublished":"2011-10-04T19:54:34+00:00","dateModified":"2020-06-26T19:01:37+00:00","breadcrumb":{"@id":"https:\/\/elcarmelo.gob.ec\/carchi\/datos-generales\/#breadcrumb"},"inLanguage":"es","potentialAction":[{"@type":"ReadAction","target":["https:\/\/elcarmelo.gob.ec\/carchi\/datos-generales\/"]}]},{"@type":"BreadcrumbList","@id":"https:\/\/elcarmelo.gob.ec\/carchi\/datos-generales\/#breadcrumb","itemListElement":[{"@type":"ListItem","position":1,"name":"Home","item":"https:\/\/elcarmelo.gob.ec\/carchi\/"},{"@type":"ListItem","position":2,"name":"Datos Generales"}]},{"@type":"WebSite","@id":"https:\/\/elcarmelo.gob.ec\/carchi\/#website","url":"https:\/\/elcarmelo.gob.ec\/carchi\/","name":"GAD parroquial de El Carmelo","description":"Sitio Oficial del GAD Parroquial El Carmelo Carchi","publisher":{"@id":"https:\/\/elcarmelo.gob.ec\/carchi\/#organization"},"potentialAction":[{"@type":"SearchAction","target":{"@type":"EntryPoint","urlTemplate":"https:\/\/elcarmelo.gob.ec\/carchi\/?s={search_term_string}"},"query-input":{"@type":"PropertyValueSpecification","valueRequired":true,"valueName":"search_term_string"}}],"inLanguage":"es"},{"@type":"Organization","@id":"https:\/\/elcarmelo.gob.ec\/carchi\/#organization","name":"GAD parroquial de El Carmelo","url":"https:\/\/elcarmelo.gob.ec\/carchi\/","logo":{"@type":"ImageObject","inLanguage":"es","@id":"https:\/\/elcarmelo.gob.ec\/carchi\/#\/schema\/logo\/image\/","url":"https:\/\/elcarmelo.gob.ec\/carchi\/wp-content\/uploads\/2020\/06\/logoFooter-Recuperado.png","contentUrl":"https:\/\/elcarmelo.gob.ec\/carchi\/wp-content\/uploads\/2020\/06\/logoFooter-Recuperado.png","width":200,"height":150,"caption":"GAD parroquial de El Carmelo"},"image":{"@id":"https:\/\/elcarmelo.gob.ec\/carchi\/#\/schema\/logo\/image\/"}},{"@type":"Person","@id":"https:\/\/elcarmelo.gob.ec\/carchi\/#\/schema\/person\/199546f2b0966330a5c8d044c25b5664","name":"aelcarmelo","image":{"@type":"ImageObject","inLanguage":"es","@id":"https:\/\/elcarmelo.gob.ec\/carchi\/#\/schema\/person\/image\/","url":"https:\/\/secure.gravatar.com\/avatar\/4849cead80a540a505e4f16b1e4cbabb?s=96&d=mm&r=g","contentUrl":"https:\/\/secure.gravatar.com\/avatar\/4849cead80a540a505e4f16b1e4cbabb?s=96&d=mm&r=g","caption":"aelcarmelo"},"url":"https:\/\/elcarmelo.gob.ec\/carchi\/author\/aelcarmelo\/"}]}},"_links":{"self":[{"href":"https:\/\/elcarmelo.gob.ec\/carchi\/wp-json\/wp\/v2\/posts\/104","targetHints":{"allow":["GET"]}}],"collection":[{"href":"https:\/\/elcarmelo.gob.ec\/carchi\/wp-json\/wp\/v2\/posts"}],"about":[{"href":"https:\/\/elcarmelo.gob.ec\/carchi\/wp-json\/wp\/v2\/types\/post"}],"author":[{"embeddable":true,"href":"https:\/\/elcarmelo.gob.ec\/carchi\/wp-json\/wp\/v2\/users\/4"}],"replies":[{"embeddable":true,"href":"https:\/\/elcarmelo.gob.ec\/carchi\/wp-json\/wp\/v2\/comments?post=104"}],"version-history":[{"count":10,"href":"https:\/\/elcarmelo.gob.ec\/carchi\/wp-json\/wp\/v2\/posts\/104\/revisions"}],"predecessor-version":[{"id":1394,"href":"https:\/\/elcarmelo.gob.ec\/carchi\/wp-json\/wp\/v2\/posts\/104\/revisions\/1394"}],"wp:attachment":[{"href":"https:\/\/elcarmelo.gob.ec\/carchi\/wp-json\/wp\/v2\/media?parent=104"}],"wp:term":[{"taxonomy":"category","embeddable":true,"href":"https:\/\/elcarmelo.gob.ec\/carchi\/wp-json\/wp\/v2\/categories?post=104"},{"taxonomy":"post_tag","embeddable":true,"href":"https:\/\/elcarmelo.gob.ec\/carchi\/wp-json\/wp\/v2\/tags?post=104"}],"curies":[{"name":"wp","href":"https:\/\/api.w.org\/{rel}","templated":true}]}}